
			
				

					
				

			
		{"items":"\n\t\t\t\t\t\t\t\t\t\t\t\n<article id=\"post-1584\" class=\"wd-post blog-design-masonry blog-post-loop blog-style-bg wd-add-shadow wd-col post-1584 post type-post status-publish format-standard has-post-thumbnail hentry category-tehnologia-in-ajutorul-monitorizarii tag-info tag-proj tag-tech\">\n\t<div class=\"wd-post-inner article-inner\">\n\t\t\t\t\t<div class=\"wd-post-thumb entry-header\">\n\t\t\t\t\t\t\t\t\t<div class=\"wd-post-img post-img-wrapp\">\n\t\t\t\t\t\t<img width=\"584\" height=\"341\" src=\"https:\/\/www.stropdeaer.ro\/wp-content\/uploads\/2020\/06\/lte_nb-iot.png\" class=\"attachment-large size-large\" alt=\"\" decoding=\"async\" fetchpriority=\"high\" srcset=\"https:\/\/www.stropdeaer.ro\/wp-content\/uploads\/2020\/06\/lte_nb-iot.png 584w, https:\/\/www.stropdeaer.ro\/wp-content\/uploads\/2020\/06\/lte_nb-iot-150x88.png 150w, https:\/\/www.stropdeaer.ro\/wp-content\/uploads\/2020\/06\/lte_nb-iot-300x175.png 300w\" sizes=\"(max-width: 584px) 100vw, 584px\" \/>\t\t\t\t\t<\/div>\n\t\t\t\t\t\t\t\t\t\t<a class=\"wd-fill\" tabindex=\"-1\" href=\"https:\/\/www.stropdeaer.ro\/smart-city-sunt-orasele-mici-cele-mai-inteligente\/\" aria-label=\"Link on post Smart City &#8211; Sunt ora\u0219ele mici cele mai inteligente?\"><\/a>\n\t\t\t\t\n\t\t\t\t\t\t\t<\/div>\n\t\t\n\t\t<div class=\"wd-post-content article-body-container\">\n\t\t\t\n\t\t\t\t\t\t\t<h3 class=\"wd-post-title wd-entities-title title post-title\">\n\t\t\t\t\t<a href=\"https:\/\/www.stropdeaer.ro\/smart-city-sunt-orasele-mici-cele-mai-inteligente\/\" rel=\"bookmark\">Smart City &#8211; Sunt ora\u0219ele mici cele mai inteligente?<\/a>\n\t\t\t\t<\/h3>\n\t\t\t\n\t\t\t\n\t\t\t\t\t\t\t\t\t\t\t\t<div class=\"wd-post-excerpt entry-content\">\n\t\t\t\t\t\tUn ora\u0219 inteligent este conectat la internet \u0219i pune la dispozi\u021bie cet\u0103\u021beanului toate informa\u021biile de care are acesta nevoie :\n\n\n\nlocur...\t\t\t\t\t<\/div>\n\t\t\t\t\n\t\t\t\t\t\t\t\t\t\t\t\t\t\t<div class=\"wd-post-read-more wd-style-link read-more-section\">\n\t\t\t\t\t\t<a class=\"\" href=\"https:\/\/www.stropdeaer.ro\/smart-city-sunt-orasele-mici-cele-mai-inteligente\/\">Continue reading<\/a>\t\t\t\t\t<\/div>\n\t\t\t\t\t\t\t\t\t\t\t\t\t<\/div>\n\t<\/div>\n<\/article>\n\n\t\t\t\t\t\t\t\t\t\t\t\n<article id=\"post-1558\" class=\"wd-post blog-design-masonry blog-post-loop blog-style-bg wd-add-shadow wd-col post-1558 post type-post status-publish format-standard has-post-thumbnail hentry category-implicare-sociala tag-info tag-proj tag-tech\">\n\t<div class=\"wd-post-inner article-inner\">\n\t\t\t\t\t<div class=\"wd-post-thumb entry-header\">\n\t\t\t\t\t\t\t\t\t<div class=\"wd-post-img post-img-wrapp\">\n\t\t\t\t\t\t<img width=\"622\" height=\"324\" src=\"https:\/\/www.stropdeaer.ro\/wp-content\/uploads\/2020\/06\/iot_webinar.jpg\" class=\"attachment-large size-large\" alt=\"\" decoding=\"async\" srcset=\"https:\/\/www.stropdeaer.ro\/wp-content\/uploads\/2020\/06\/iot_webinar.jpg 622w, https:\/\/www.stropdeaer.ro\/wp-content\/uploads\/2020\/06\/iot_webinar-150x78.jpg 150w, https:\/\/www.stropdeaer.ro\/wp-content\/uploads\/2020\/06\/iot_webinar-600x313.jpg 600w, https:\/\/www.stropdeaer.ro\/wp-content\/uploads\/2020\/06\/iot_webinar-300x156.jpg 300w\" sizes=\"(max-width: 622px) 100vw, 622px\" \/>\t\t\t\t\t<\/div>\n\t\t\t\t\t\t\t\t\t\t<a class=\"wd-fill\" tabindex=\"-1\" href=\"https:\/\/www.stropdeaer.ro\/implicarea-civica-webinar-cum-sa-configurezi-un-senzor\/\" aria-label=\"Link on post Implicarea civic\u0103 &#8211; Webinar &#8211;    Cum s\u0103 configurezi un senzor ce m\u0103soar\u0103 calitatea aerului\"><\/a>\n\t\t\t\t\n\t\t\t\t\t\t\t<\/div>\n\t\t\n\t\t<div class=\"wd-post-content article-body-container\">\n\t\t\t\n\t\t\t\t\t\t\t<h3 class=\"wd-post-title wd-entities-title title post-title\">\n\t\t\t\t\t<a href=\"https:\/\/www.stropdeaer.ro\/implicarea-civica-webinar-cum-sa-configurezi-un-senzor\/\" rel=\"bookmark\">Implicarea civic\u0103 &#8211; Webinar &#8211;    Cum s\u0103 configurezi un senzor ce m\u0103soar\u0103 calitatea aerului<\/a>\n\t\t\t\t<\/h3>\n\t\t\t\n\t\t\t\n\t\t\t\t\t\t\t\t\t\t\t\t<div class=\"wd-post-excerpt entry-content\">\n\t\t\t\t\t\tImplicarea civic\u0103 este parte a proiectului nostru de monitorizare a calit\u0103\u021bii aerului - Strop de aer. \u021ain\u00e2nd cont de situa\u021bia din ultim...\t\t\t\t\t<\/div>\n\t\t\t\t\n\t\t\t\t\t\t\t\t\t\t\t\t\t\t<div class=\"wd-post-read-more wd-style-link read-more-section\">\n\t\t\t\t\t\t<a class=\"\" href=\"https:\/\/www.stropdeaer.ro\/implicarea-civica-webinar-cum-sa-configurezi-un-senzor\/\">Continue reading<\/a>\t\t\t\t\t<\/div>\n\t\t\t\t\t\t\t\t\t\t\t\t\t<\/div>\n\t<\/div>\n<\/article>\n\n\t\t\t\t\t\t\t\t\t\t\t\n<article id=\"post-1552\" class=\"wd-post blog-design-masonry blog-post-loop blog-style-bg wd-add-shadow wd-col post-1552 post type-post status-publish format-standard has-post-thumbnail hentry category-informatii-despre-poluare tag-info tag-proj tag-tech\">\n\t<div class=\"wd-post-inner article-inner\">\n\t\t\t\t\t<div class=\"wd-post-thumb entry-header\">\n\t\t\t\t\t\t\t\t\t<div class=\"wd-post-img post-img-wrapp\">\n\t\t\t\t\t\t<img width=\"1024\" height=\"601\" src=\"https:\/\/www.stropdeaer.ro\/wp-content\/uploads\/2020\/06\/cluj_sunet-1024x601.jpg\" class=\"attachment-large size-large\" alt=\"\" decoding=\"async\" srcset=\"https:\/\/www.stropdeaer.ro\/wp-content\/uploads\/2020\/06\/cluj_sunet-1024x601.jpg 1024w, https:\/\/www.stropdeaer.ro\/wp-content\/uploads\/2020\/06\/cluj_sunet-150x88.jpg 150w, https:\/\/www.stropdeaer.ro\/wp-content\/uploads\/2020\/06\/cluj_sunet-600x352.jpg 600w, https:\/\/www.stropdeaer.ro\/wp-content\/uploads\/2020\/06\/cluj_sunet-300x176.jpg 300w, https:\/\/www.stropdeaer.ro\/wp-content\/uploads\/2020\/06\/cluj_sunet-768x451.jpg 768w, https:\/\/www.stropdeaer.ro\/wp-content\/uploads\/2020\/06\/cluj_sunet.jpg 1134w\" sizes=\"(max-width: 1024px) 100vw, 1024px\" \/>\t\t\t\t\t<\/div>\n\t\t\t\t\t\t\t\t\t\t<a class=\"wd-fill\" tabindex=\"-1\" href=\"https:\/\/www.stropdeaer.ro\/poluarea-fonica-un-stres-suplimentar-pentru-organismul-nostru\/\" aria-label=\"Link on post Poluarea fonic\u0103 &#8211; un stres suplimentar pentru organismul nostru\"><\/a>\n\t\t\t\t\n\t\t\t\t\t\t\t<\/div>\n\t\t\n\t\t<div class=\"wd-post-content article-body-container\">\n\t\t\t\n\t\t\t\t\t\t\t<h3 class=\"wd-post-title wd-entities-title title post-title\">\n\t\t\t\t\t<a href=\"https:\/\/www.stropdeaer.ro\/poluarea-fonica-un-stres-suplimentar-pentru-organismul-nostru\/\" rel=\"bookmark\">Poluarea fonic\u0103 &#8211; un stres suplimentar pentru organismul nostru<\/a>\n\t\t\t\t<\/h3>\n\t\t\t\n\t\t\t\n\t\t\t\t\t\t\t\t\t\t\t\t<div class=\"wd-post-excerpt entry-content\">\n\t\t\t\t\t\tC\u00e2nd ne g\u00e2ndim la poluare prima imagine care ne vine \u00een minte este aceea a unui ora\u0219 plin de fum sau a plasticului din oceane, \u00eens\u0103 pol...\t\t\t\t\t<\/div>\n\t\t\t\t\n\t\t\t\t\t\t\t\t\t\t\t\t\t\t<div class=\"wd-post-read-more wd-style-link read-more-section\">\n\t\t\t\t\t\t<a class=\"\" href=\"https:\/\/www.stropdeaer.ro\/poluarea-fonica-un-stres-suplimentar-pentru-organismul-nostru\/\">Continue reading<\/a>\t\t\t\t\t<\/div>\n\t\t\t\t\t\t\t\t\t\t\t\t\t<\/div>\n\t<\/div>\n<\/article>\n\n\t\t\t\t\t\t\t\t\t\t\t\n<article id=\"post-1531\" class=\"wd-post blog-design-masonry blog-post-loop blog-style-bg wd-add-shadow wd-col post-1531 post type-post status-publish format-standard has-post-thumbnail hentry category-informatii-despre-poluare tag-info tag-proj tag-tech\">\n\t<div class=\"wd-post-inner article-inner\">\n\t\t\t\t\t<div class=\"wd-post-thumb entry-header\">\n\t\t\t\t\t\t\t\t\t<div class=\"wd-post-img post-img-wrapp\">\n\t\t\t\t\t\t<img width=\"300\" height=\"300\" src=\"https:\/\/www.stropdeaer.ro\/wp-content\/uploads\/2020\/05\/0438e2ca-ba12-4ef9-84c4-a234ca742a74._CR5738379379_PT0_SX300__.jpg\" class=\"attachment-large size-large\" alt=\"\" decoding=\"async\" srcset=\"https:\/\/www.stropdeaer.ro\/wp-content\/uploads\/2020\/05\/0438e2ca-ba12-4ef9-84c4-a234ca742a74._CR5738379379_PT0_SX300__.jpg 300w, https:\/\/www.stropdeaer.ro\/wp-content\/uploads\/2020\/05\/0438e2ca-ba12-4ef9-84c4-a234ca742a74._CR5738379379_PT0_SX300__-150x150.jpg 150w\" sizes=\"(max-width: 300px) 100vw, 300px\" \/>\t\t\t\t\t<\/div>\n\t\t\t\t\t\t\t\t\t\t<a class=\"wd-fill\" tabindex=\"-1\" href=\"https:\/\/www.stropdeaer.ro\/ozonul-troposferic-o3\/\" aria-label=\"Link on post Ozonul troposferic (O3)\"><\/a>\n\t\t\t\t\n\t\t\t\t\t\t\t<\/div>\n\t\t\n\t\t<div class=\"wd-post-content article-body-container\">\n\t\t\t\n\t\t\t\t\t\t\t<h3 class=\"wd-post-title wd-entities-title title post-title\">\n\t\t\t\t\t<a href=\"https:\/\/www.stropdeaer.ro\/ozonul-troposferic-o3\/\" rel=\"bookmark\">Ozonul troposferic (O3)<\/a>\n\t\t\t\t<\/h3>\n\t\t\t\n\t\t\t\n\t\t\t\t\t\t\t\t\t\t\t\t<div class=\"wd-post-excerpt entry-content\">\n\t\t\t\t\t\tCaracteristici generaleGaz foarte oxidant, foarte reactiv, cu miros \u00eenecacios. Se concentreaz\u0103 \u00een stratosfer\u0103 \u015fi asigur\u0103 protec\u0163ia \u00eempo...\t\t\t\t\t<\/div>\n\t\t\t\t\n\t\t\t\t\t\t\t\t\t\t\t\t\t\t<div class=\"wd-post-read-more wd-style-link read-more-section\">\n\t\t\t\t\t\t<a class=\"\" href=\"https:\/\/www.stropdeaer.ro\/ozonul-troposferic-o3\/\">Continue reading<\/a>\t\t\t\t\t<\/div>\n\t\t\t\t\t\t\t\t\t\t\t\t\t<\/div>\n\t<\/div>\n<\/article>\n\n\t\t\t\t\t\t\t\t\t\t\t\n<article id=\"post-1526\" class=\"wd-post blog-design-masonry blog-post-loop blog-style-bg wd-add-shadow wd-col post-1526 post type-post status-publish format-standard has-post-thumbnail hentry category-informatii-despre-poluare tag-info tag-proj tag-tech\">\n\t<div class=\"wd-post-inner article-inner\">\n\t\t\t\t\t<div class=\"wd-post-thumb entry-header\">\n\t\t\t\t\t\t\t\t\t<div class=\"wd-post-img post-img-wrapp\">\n\t\t\t\t\t\t<img width=\"263\" height=\"192\" src=\"https:\/\/www.stropdeaer.ro\/wp-content\/uploads\/2020\/05\/co2.jpg\" class=\"attachment-large size-large\" alt=\"\" decoding=\"async\" srcset=\"https:\/\/www.stropdeaer.ro\/wp-content\/uploads\/2020\/05\/co2.jpg 263w, https:\/\/www.stropdeaer.ro\/wp-content\/uploads\/2020\/05\/co2-150x110.jpg 150w\" sizes=\"(max-width: 263px) 100vw, 263px\" \/>\t\t\t\t\t<\/div>\n\t\t\t\t\t\t\t\t\t\t<a class=\"wd-fill\" tabindex=\"-1\" href=\"https:\/\/www.stropdeaer.ro\/monoxid-de-carbon-co\/\" aria-label=\"Link on post Monoxid de carbon (CO)\"><\/a>\n\t\t\t\t\n\t\t\t\t\t\t\t<\/div>\n\t\t\n\t\t<div class=\"wd-post-content article-body-container\">\n\t\t\t\n\t\t\t\t\t\t\t<h3 class=\"wd-post-title wd-entities-title title post-title\">\n\t\t\t\t\t<a href=\"https:\/\/www.stropdeaer.ro\/monoxid-de-carbon-co\/\" rel=\"bookmark\">Monoxid de carbon (CO)<\/a>\n\t\t\t\t<\/h3>\n\t\t\t\n\t\t\t\n\t\t\t\t\t\t\t\t\t\t\t\t<div class=\"wd-post-excerpt entry-content\">\n\t\t\t\t\t\tCaracteristici generaleLa temperatura mediului ambiant, monoxidul de carbon este un gaz incolor, inodor, insipid, de origine at\u00eet natur...\t\t\t\t\t<\/div>\n\t\t\t\t\n\t\t\t\t\t\t\t\t\t\t\t\t\t\t<div class=\"wd-post-read-more wd-style-link read-more-section\">\n\t\t\t\t\t\t<a class=\"\" href=\"https:\/\/www.stropdeaer.ro\/monoxid-de-carbon-co\/\">Continue reading<\/a>\t\t\t\t\t<\/div>\n\t\t\t\t\t\t\t\t\t\t\t\t\t<\/div>\n\t<\/div>\n<\/article>\n\n\t\t\t\t\t\t\t\t\t\t\t\n<article id=\"post-1518\" class=\"wd-post blog-design-masonry blog-post-loop blog-style-bg wd-add-shadow wd-col post-1518 post type-post status-publish format-standard has-post-thumbnail hentry category-informatii-despre-poluare tag-info tag-proj tag-tech\">\n\t<div class=\"wd-post-inner article-inner\">\n\t\t\t\t\t<div class=\"wd-post-thumb entry-header\">\n\t\t\t\t\t\t\t\t\t<div class=\"wd-post-img post-img-wrapp\">\n\t\t\t\t\t\t<img width=\"244\" height=\"207\" src=\"https:\/\/www.stropdeaer.ro\/wp-content\/uploads\/2020\/05\/so2.jpg\" class=\"attachment-large size-large\" alt=\"\" decoding=\"async\" srcset=\"https:\/\/www.stropdeaer.ro\/wp-content\/uploads\/2020\/05\/so2.jpg 244w, https:\/\/www.stropdeaer.ro\/wp-content\/uploads\/2020\/05\/so2-150x127.jpg 150w\" sizes=\"(max-width: 244px) 100vw, 244px\" \/>\t\t\t\t\t<\/div>\n\t\t\t\t\t\t\t\t\t\t<a class=\"wd-fill\" tabindex=\"-1\" href=\"https:\/\/www.stropdeaer.ro\/dioxid-de-sulf-so2\/\" aria-label=\"Link on post Dioxid de sulf (SO2)\"><\/a>\n\t\t\t\t\n\t\t\t\t\t\t\t<\/div>\n\t\t\n\t\t<div class=\"wd-post-content article-body-container\">\n\t\t\t\n\t\t\t\t\t\t\t<h3 class=\"wd-post-title wd-entities-title title post-title\">\n\t\t\t\t\t<a href=\"https:\/\/www.stropdeaer.ro\/dioxid-de-sulf-so2\/\" rel=\"bookmark\">Dioxid de sulf (SO2)<\/a>\n\t\t\t\t<\/h3>\n\t\t\t\n\t\t\t\n\t\t\t\t\t\t\t\t\t\t\t\t<div class=\"wd-post-excerpt entry-content\">\n\t\t\t\t\t\tDioxidul de sulf este un gaz incolor, am\u0103rui, neinflamabil, cu un miros p\u0103trunz\u0103tor care irit\u0103 ochii \u015fi c\u0103ile respiratorii.\t\t\t\t\t<\/div>\n\t\t\t\t\n\t\t\t\t\t\t\t\t\t\t\t\t\t\t<div class=\"wd-post-read-more wd-style-link read-more-section\">\n\t\t\t\t\t\t<a class=\"\" href=\"https:\/\/www.stropdeaer.ro\/dioxid-de-sulf-so2\/\">Continue reading<\/a>\t\t\t\t\t<\/div>\n\t\t\t\t\t\t\t\t\t\t\t\t\t<\/div>\n\t<\/div>\n<\/article>\n\n\t\t\t\t\t\t\t\t\t\t\t\n<article id=\"post-1502\" class=\"wd-post blog-design-masonry blog-post-loop blog-style-bg wd-add-shadow wd-col post-1502 post type-post status-publish format-standard has-post-thumbnail hentry category-informatii-despre-poluare tag-info tag-proj tag-tech\">\n\t<div class=\"wd-post-inner article-inner\">\n\t\t\t\t\t<div class=\"wd-post-thumb entry-header\">\n\t\t\t\t\t\t\t\t\t<div class=\"wd-post-img post-img-wrapp\">\n\t\t\t\t\t\t<img width=\"1024\" height=\"683\" src=\"https:\/\/www.stropdeaer.ro\/wp-content\/uploads\/2020\/05\/auspuff_stefan_redel_fotolia_2464628_subscription_l_0-1024x683.jpg\" class=\"attachment-large size-large\" alt=\"\" decoding=\"async\" srcset=\"https:\/\/www.stropdeaer.ro\/wp-content\/uploads\/2020\/05\/auspuff_stefan_redel_fotolia_2464628_subscription_l_0-1024x683.jpg 1024w, https:\/\/www.stropdeaer.ro\/wp-content\/uploads\/2020\/05\/auspuff_stefan_redel_fotolia_2464628_subscription_l_0-150x100.jpg 150w, https:\/\/www.stropdeaer.ro\/wp-content\/uploads\/2020\/05\/auspuff_stefan_redel_fotolia_2464628_subscription_l_0-600x400.jpg 600w, https:\/\/www.stropdeaer.ro\/wp-content\/uploads\/2020\/05\/auspuff_stefan_redel_fotolia_2464628_subscription_l_0-300x200.jpg 300w, https:\/\/www.stropdeaer.ro\/wp-content\/uploads\/2020\/05\/auspuff_stefan_redel_fotolia_2464628_subscription_l_0-768x512.jpg 768w, https:\/\/www.stropdeaer.ro\/wp-content\/uploads\/2020\/05\/auspuff_stefan_redel_fotolia_2464628_subscription_l_0-1536x1024.jpg 1536w, https:\/\/www.stropdeaer.ro\/wp-content\/uploads\/2020\/05\/auspuff_stefan_redel_fotolia_2464628_subscription_l_0-2048x1366.jpg 2048w\" sizes=\"(max-width: 1024px) 100vw, 1024px\" \/>\t\t\t\t\t<\/div>\n\t\t\t\t\t\t\t\t\t\t<a class=\"wd-fill\" tabindex=\"-1\" href=\"https:\/\/www.stropdeaer.ro\/oxizi-de-azot-no-no2\/\" aria-label=\"Link on post Oxizi de azot (NO, NO2)\"><\/a>\n\t\t\t\t\n\t\t\t\t\t\t\t<\/div>\n\t\t\n\t\t<div class=\"wd-post-content article-body-container\">\n\t\t\t\n\t\t\t\t\t\t\t<h3 class=\"wd-post-title wd-entities-title title post-title\">\n\t\t\t\t\t<a href=\"https:\/\/www.stropdeaer.ro\/oxizi-de-azot-no-no2\/\" rel=\"bookmark\">Oxizi de azot (NO, NO2)<\/a>\n\t\t\t\t<\/h3>\n\t\t\t\n\t\t\t\n\t\t\t\t\t\t\t\t\t\t\t\t<div class=\"wd-post-excerpt entry-content\">\n\t\t\t\t\t\tCaracteristici generaleOxizii de azot sunt un grup de gaze foarte reactive, care con\u0163in azot \u015fi oxigen \u00een cantit\u0103\u0163i variabile. Majorita...\t\t\t\t\t<\/div>\n\t\t\t\t\n\t\t\t\t\t\t\t\t\t\t\t\t\t\t<div class=\"wd-post-read-more wd-style-link read-more-section\">\n\t\t\t\t\t\t<a class=\"\" href=\"https:\/\/www.stropdeaer.ro\/oxizi-de-azot-no-no2\/\">Continue reading<\/a>\t\t\t\t\t<\/div>\n\t\t\t\t\t\t\t\t\t\t\t\t\t<\/div>\n\t<\/div>\n<\/article>\n\n\t\t\t\t\t\t\t\t\t\t\t\n<article id=\"post-1484\" class=\"wd-post blog-design-masonry blog-post-loop blog-style-bg wd-add-shadow wd-col post-1484 post type-post status-publish format-standard has-post-thumbnail hentry category-informatii-despre-poluare tag-info tag-proj tag-tech\">\n\t<div class=\"wd-post-inner article-inner\">\n\t\t\t\t\t<div class=\"wd-post-thumb entry-header\">\n\t\t\t\t\t\t\t\t\t<div class=\"wd-post-img post-img-wrapp\">\n\t\t\t\t\t\t<img width=\"800\" height=\"600\" src=\"https:\/\/www.stropdeaer.ro\/wp-content\/uploads\/2020\/05\/How-air-pollution-affects-your-skin-002.jpg\" class=\"attachment-large size-large\" alt=\"\" decoding=\"async\" srcset=\"https:\/\/www.stropdeaer.ro\/wp-content\/uploads\/2020\/05\/How-air-pollution-affects-your-skin-002.jpg 800w, https:\/\/www.stropdeaer.ro\/wp-content\/uploads\/2020\/05\/How-air-pollution-affects-your-skin-002-150x113.jpg 150w, https:\/\/www.stropdeaer.ro\/wp-content\/uploads\/2020\/05\/How-air-pollution-affects-your-skin-002-600x450.jpg 600w, https:\/\/www.stropdeaer.ro\/wp-content\/uploads\/2020\/05\/How-air-pollution-affects-your-skin-002-300x225.jpg 300w, https:\/\/www.stropdeaer.ro\/wp-content\/uploads\/2020\/05\/How-air-pollution-affects-your-skin-002-768x576.jpg 768w\" sizes=\"(max-width: 800px) 100vw, 800px\" \/>\t\t\t\t\t<\/div>\n\t\t\t\t\t\t\t\t\t\t<a class=\"wd-fill\" tabindex=\"-1\" href=\"https:\/\/www.stropdeaer.ro\/cum-afecteaza-poluarea-aerului-tenul-si-celulele-pielii-tale\/\" aria-label=\"Link on post Cum afecteaz\u0103 poluarea aerului tenul \u0219i celulele pielii tale?\"><\/a>\n\t\t\t\t\n\t\t\t\t\t\t\t<\/div>\n\t\t\n\t\t<div class=\"wd-post-content article-body-container\">\n\t\t\t\n\t\t\t\t\t\t\t<h3 class=\"wd-post-title wd-entities-title title post-title\">\n\t\t\t\t\t<a href=\"https:\/\/www.stropdeaer.ro\/cum-afecteaza-poluarea-aerului-tenul-si-celulele-pielii-tale\/\" rel=\"bookmark\">Cum afecteaz\u0103 poluarea aerului tenul \u0219i celulele pielii tale?<\/a>\n\t\t\t\t<\/h3>\n\t\t\t\n\t\t\t\n\t\t\t\t\t\t\t\t\t\t\t\t<div class=\"wd-post-excerpt entry-content\">\n\t\t\t\t\t\tOb\u021binerea pielii impecabile \u0219i s\u0103n\u0103toase este visul oric\u0103rei femei, dar men\u021binerea ei poate fi o sarcin\u0103 grea, datorit\u0103 calit\u0103\u021bii deter...\t\t\t\t\t<\/div>\n\t\t\t\t\n\t\t\t\t\t\t\t\t\t\t\t\t\t\t<div class=\"wd-post-read-more wd-style-link read-more-section\">\n\t\t\t\t\t\t<a class=\"\" href=\"https:\/\/www.stropdeaer.ro\/cum-afecteaza-poluarea-aerului-tenul-si-celulele-pielii-tale\/\">Continue reading<\/a>\t\t\t\t\t<\/div>\n\t\t\t\t\t\t\t\t\t\t\t\t\t<\/div>\n\t<\/div>\n<\/article>\n\n\t\t\t\t\t\t\t\t\t\t\t\n<article id=\"post-1473\" class=\"wd-post blog-design-masonry blog-post-loop blog-style-bg wd-add-shadow wd-col post-1473 post type-post status-publish format-standard has-post-thumbnail hentry category-informatii-despre-poluare tag-info tag-proj tag-tech\">\n\t<div class=\"wd-post-inner article-inner\">\n\t\t\t\t\t<div class=\"wd-post-thumb entry-header\">\n\t\t\t\t\t\t\t\t\t<div class=\"wd-post-img post-img-wrapp\">\n\t\t\t\t\t\t<img width=\"1024\" height=\"576\" src=\"https:\/\/www.stropdeaer.ro\/wp-content\/uploads\/2020\/05\/smog-2-1024x576.jpg\" class=\"attachment-large size-large\" alt=\"\" decoding=\"async\" srcset=\"https:\/\/www.stropdeaer.ro\/wp-content\/uploads\/2020\/05\/smog-2-1024x576.jpg 1024w, https:\/\/www.stropdeaer.ro\/wp-content\/uploads\/2020\/05\/smog-2-150x84.jpg 150w, https:\/\/www.stropdeaer.ro\/wp-content\/uploads\/2020\/05\/smog-2-600x338.jpg 600w, https:\/\/www.stropdeaer.ro\/wp-content\/uploads\/2020\/05\/smog-2-300x169.jpg 300w, https:\/\/www.stropdeaer.ro\/wp-content\/uploads\/2020\/05\/smog-2-768x432.jpg 768w, https:\/\/www.stropdeaer.ro\/wp-content\/uploads\/2020\/05\/smog-2-1536x864.jpg 1536w, https:\/\/www.stropdeaer.ro\/wp-content\/uploads\/2020\/05\/smog-2.jpg 1920w\" sizes=\"(max-width: 1024px) 100vw, 1024px\" \/>\t\t\t\t\t<\/div>\n\t\t\t\t\t\t\t\t\t\t<a class=\"wd-fill\" tabindex=\"-1\" href=\"https:\/\/www.stropdeaer.ro\/smogul-tip-de-poluare-a-aerului-atmosferic-din-marile-orase\/\" aria-label=\"Link on post Smogul &#8211; tip de poluare a aerului atmosferic din marile ora\u015fe\"><\/a>\n\t\t\t\t\n\t\t\t\t\t\t\t<\/div>\n\t\t\n\t\t<div class=\"wd-post-content article-body-container\">\n\t\t\t\n\t\t\t\t\t\t\t<h3 class=\"wd-post-title wd-entities-title title post-title\">\n\t\t\t\t\t<a href=\"https:\/\/www.stropdeaer.ro\/smogul-tip-de-poluare-a-aerului-atmosferic-din-marile-orase\/\" rel=\"bookmark\">Smogul &#8211; tip de poluare a aerului atmosferic din marile ora\u015fe<\/a>\n\t\t\t\t<\/h3>\n\t\t\t\n\t\t\t\n\t\t\t\t\t\t\t\t\t\t\t\t<div class=\"wd-post-excerpt entry-content\">\n\t\t\t\t\t\tSmogul (cuv\u00eent format in limba engleza din smok \u2013fum \u015fi fog\u2013cea\u0163a) este un tip de poluarea aerului atmosferic a ora\u015felor mari. Exist\u0103 t...\t\t\t\t\t<\/div>\n\t\t\t\t\n\t\t\t\t\t\t\t\t\t\t\t\t\t\t<div class=\"wd-post-read-more wd-style-link read-more-section\">\n\t\t\t\t\t\t<a class=\"\" href=\"https:\/\/www.stropdeaer.ro\/smogul-tip-de-poluare-a-aerului-atmosferic-din-marile-orase\/\">Continue reading<\/a>\t\t\t\t\t<\/div>\n\t\t\t\t\t\t\t\t\t\t\t\t\t<\/div>\n\t<\/div>\n<\/article>\n\n\t\t\t\t\t\t\t\t\t\t\t\n<article id=\"post-1455\" class=\"wd-post blog-design-masonry blog-post-loop blog-style-bg wd-add-shadow wd-col post-1455 post type-post status-publish format-standard has-post-thumbnail hentry category-informatii-despre-poluare tag-info tag-proj tag-tech\">\n\t<div class=\"wd-post-inner article-inner\">\n\t\t\t\t\t<div class=\"wd-post-thumb entry-header\">\n\t\t\t\t\t\t\t\t\t<div class=\"wd-post-img post-img-wrapp\">\n\t\t\t\t\t\t<img width=\"294\" height=\"171\" src=\"https:\/\/www.stropdeaer.ro\/wp-content\/uploads\/2020\/05\/download-3.jpg\" class=\"attachment-large size-large\" alt=\"\" decoding=\"async\" srcset=\"https:\/\/www.stropdeaer.ro\/wp-content\/uploads\/2020\/05\/download-3.jpg 294w, https:\/\/www.stropdeaer.ro\/wp-content\/uploads\/2020\/05\/download-3-150x87.jpg 150w\" sizes=\"(max-width: 294px) 100vw, 294px\" \/>\t\t\t\t\t<\/div>\n\t\t\t\t\t\t\t\t\t\t<a class=\"wd-fill\" tabindex=\"-1\" href=\"https:\/\/www.stropdeaer.ro\/impactul-poluarii-aerului-atmosferic-asupra-sanatatii-populatiei-si-mediului-inconjurator\/\" aria-label=\"Link on post Impactul polu\u0103rii aerului atmosferic asupra precipita\u0163iilor acide\"><\/a>\n\t\t\t\t\n\t\t\t\t\t\t\t<\/div>\n\t\t\n\t\t<div class=\"wd-post-content article-body-container\">\n\t\t\t\n\t\t\t\t\t\t\t<h3 class=\"wd-post-title wd-entities-title title post-title\">\n\t\t\t\t\t<a href=\"https:\/\/www.stropdeaer.ro\/impactul-poluarii-aerului-atmosferic-asupra-sanatatii-populatiei-si-mediului-inconjurator\/\" rel=\"bookmark\">Impactul polu\u0103rii aerului atmosferic asupra precipita\u0163iilor acide<\/a>\n\t\t\t\t<\/h3>\n\t\t\t\n\t\t\t\n\t\t\t\t\t\t\t\t\t\t\t\t<div class=\"wd-post-excerpt entry-content\">\n\t\t\t\t\t\t\u00cen ultimele decenii factorii antropici de poluare a aerului au \u00eenceput s\u0103 dep\u0103\u015feasc\u0103 dup\u0103 amploare pe cei naturali, c\u0103p\u0103t\u00e2nd un caracte...\t\t\t\t\t<\/div>\n\t\t\t\t\n\t\t\t\t\t\t\t\t\t\t\t\t\t\t<div class=\"wd-post-read-more wd-style-link read-more-section\">\n\t\t\t\t\t\t<a class=\"\" href=\"https:\/\/www.stropdeaer.ro\/impactul-poluarii-aerului-atmosferic-asupra-sanatatii-populatiei-si-mediului-inconjurator\/\">Continue reading<\/a>\t\t\t\t\t<\/div>\n\t\t\t\t\t\t\t\t\t\t\t\t\t<\/div>\n\t<\/div>\n<\/article>\n\n\t\t\t\t\t\n\t\t\t\t\t","status":"have-posts","nextPage":"https:\/\/www.stropdeaer.ro\/blog\/page\/13\/?woo_ajax=1","currentPage":"https:\/\/www.stropdeaer.ro\/blog\/page\/12"}